{"id":39041,"__str__":"Balancete Assist\u00eancia Social e Direitos Humanos n\u00ba 7 de 2023 | Inclus\u00e3o da mat\u00e9ria no Expediente da pr\u00f3xima Sess\u00e3o | 21/08/2023","link_detail_backend":"/materia/tramitacao/39041","metadata":{},"timestamp":"2023-09-25T23:42:29.198385-03:00","data_tramitacao":"2023-08-21","data_encaminhamento":null,"urgente":false,"turno":"","texto":"","data_fim_prazo":null,"ip":"168.228.16.197","ultima_edicao":"2023-09-25T23:41:49.503587-03:00","status":270,"materia":14409,"unidade_tramitacao_local":4,"unidade_tramitacao_destino":3,"user":42}