{"id":39003,"__str__":"Balancete Fundo Municipal de Sa\u00fade n\u00ba 5 de 2023 | Aguardando inclus\u00e3o da mat\u00e9ria na Ordem do Dia - vot. \u00fanica | 31/08/2023","link_detail_backend":"/materia/tramitacao/39003","metadata":{},"timestamp":"2023-09-25T23:23:29.325000-03:00","data_tramitacao":"2023-08-31","data_encaminhamento":null,"urgente":false,"turno":"","texto":"","data_fim_prazo":null,"ip":"168.228.16.197","ultima_edicao":"2023-09-25T23:23:29.253323-03:00","status":114,"materia":14217,"unidade_tramitacao_local":3,"unidade_tramitacao_destino":4,"user":42}