{"id":18868,"__str__":"Balancete  Funda\u00e7\u00e3o M\u00e1rio Peixoto n\u00ba 9 de 2021 | Inclus\u00e3o da Mat\u00e9ria na Ordem do Dia para Vota\u00e7\u00e3o \u00danica | 30/11/2021","link_detail_backend":"/materia/tramitacao/18868","metadata":{},"timestamp":"2021-12-01T13:06:18.921500-03:00","data_tramitacao":"2021-11-30","data_encaminhamento":null,"urgente":false,"turno":"","texto":"Inclus\u00e3o do Balancete da Funda\u00e7\u00e3o M\u00e1rio Peixoto (m\u00eas setembro/2021), na Ordem do Dia para Vota\u00e7\u00e3o \u00danica.","data_fim_prazo":null,"ip":"186.232.43.14","ultima_edicao":"2021-12-01T13:05:51.479801-03:00","status":138,"materia":10891,"unidade_tramitacao_local":4,"unidade_tramitacao_destino":3,"user":42}