{"id":8365,"__str__":"Requerimento n\u00ba 2 de 2018","link_detail_backend":"/materia/8365","metadata":{},"numero":2,"ano":2018,"numero_protocolo":null,"data_apresentacao":"2018-03-08","tipo_apresentacao":"E","data_publicacao":null,"numero_origem_externa":"","ano_origem_externa":null,"data_origem_externa":null,"apelido":"","dias_prazo":null,"data_fim_prazo":null,"em_tramitacao":false,"polemica":null,"objeto":"","complementar":null,"ementa":"Requeiro, nos termos do art. 129, \u00a7 3\u00ba, inciso VIII do Regimento Interno desta Casa Legislativa, que seja retirada e arquivada o Projeto de Lei n\u00ba51/17 de sua autoria, que \"Institui no Calend\u00e1rio de Eventos do Munic\u00edpio o \u201cDia da Recrea\u00e7\u00e3o para o Deficiente F\u00edsico\u201d e d\u00e1 outras provid\u00eancias\".","indexacao":"","observacao":"","resultado":"","texto_original":"http://sapl.mangaratiba.rj.leg.br/media/sapl/public/materialegislativa/2018/8365/req_02-20180001.pdf","data_ultima_atualizacao":"2019-12-06T14:48:57.179361-03:00","ip":"186.232.43.14","ultima_edicao":null,"tipo":3,"regime_tramitacao":6,"tipo_origem_externa":null,"local_origem_externa":null,"user":51,"anexadas":[],"autores":[36]}