{"id":4909,"__str__":"Indica\u00e7\u00e3o n\u00ba 363 de 2018","link_detail_backend":"/materia/4909","metadata":{},"numero":363,"ano":2018,"numero_protocolo":null,"data_apresentacao":"2018-08-07","tipo_apresentacao":"E","data_publicacao":null,"numero_origem_externa":"","ano_origem_externa":null,"data_origem_externa":null,"apelido":"","dias_prazo":null,"data_fim_prazo":null,"em_tramitacao":false,"polemica":false,"objeto":"","complementar":false,"ementa":"INDICA AO EXMO SR. PREFEITO QUE SEJAM TOMADAS AS PROVID\u00caNCIAS NECESS\u00c1RIAS DE INICIATIVA DO PODER EXECUTIVO, CONFORME APONTADAS NAS JUSTIFICATIVAS DESTA PROPOSI\u00c7\u00c3O, A FIM DE QUE O NOSSO PLANO MUNICIPAL DE EDUCA\u00c7\u00c3O - PME SEJA TOTAL E SATISFATORIAMENTE ADEQUADO AS METAS PREVISTAS NO PLANO NACIONAL DE EDUCA\u00c7\u00c3O  - PNE, ENCAMINHANDO PARA ESTA CASA LEGISLATIVA NOVO PROJETO DE LEI POR MENSAGEM. REITERADA PELA INDICA\u00c7\u00c3O 186/2019.","indexacao":"reiterada, Plano Municipal de Educa\u00e7\u00e3o, PME, Plano Nacional de Educa\u00e7\u00e3o, PNE, Plano de Educa\u00e7\u00e3o, diretrizes, educa\u00e7\u00e3o em tempo integral, escolas p\u00fablicas, alunos, educa\u00e7\u00e3o b\u00e1sica, matr\u00edcula, escolas, crian\u00e7as, jovens, cultura, lazer, esporte, ensino fundamental, escolaridade, alfabetiza\u00e7\u00e3o, analfabetismo, analfabetismo funcional, rede p\u00fablica","observacao":"REITERADA PELA INDICA\u00c7\u00c3O 186/2019.","resultado":"","texto_original":"http://sapl.mangaratiba.rj.leg.br/media/sapl/public/materialegislativa/2018/4909/4909_texto_integral.pdf","data_ultima_atualizacao":"2020-09-25T12:35:10.458563-03:00","ip":"186.232.43.14","ultima_edicao":"2020-09-25T12:35:10.329797-03:00","tipo":8,"regime_tramitacao":6,"tipo_origem_externa":null,"local_origem_externa":null,"user":42,"anexadas":[],"autores":[36,34]}