{"id":463,"__str__":"Indica\u00e7\u00e3o n\u00ba 267 de 2015","link_detail_backend":"/materia/463","metadata":{},"numero":267,"ano":2015,"numero_protocolo":null,"data_apresentacao":"2015-08-20","tipo_apresentacao":"E","data_publicacao":null,"numero_origem_externa":"","ano_origem_externa":null,"data_origem_externa":null,"apelido":"","dias_prazo":null,"data_fim_prazo":null,"em_tramitacao":false,"polemica":null,"objeto":"","complementar":null,"ementa":"INDICA AO EXMO SR. PREFEITO, EM CAR\u00c1TER DE URG\u00caNCIA, A AN\u00c1LISE DA \u00c1GUA CONSUMIDA NO MUNIC\u00cdPIO DE MANGARATIBA E QUE O RESULTADO SEJA PUBLICADO EM DI\u00c1RIO OFICIAL DO MUNIC\u00cdPIO.","indexacao":"URG\u00caNCIA, URGENTE, AN\u00c1LISE DA \u00c1GUA, CEDAE, MUNIC\u00cdPIO DE MANGARATIBA, PUBLICADO, PUBLICA\u00c7\u00c3O, DI\u00c1RIO OFICIAL DO MUNIC\u00cdPIO.","observacao":"","resultado":"","texto_original":"http://sapl.mangaratiba.rj.leg.br/media/sapl/public/materialegislativa/2015/463/463_texto_integral.pdf","data_ultima_atualizacao":"2018-09-21T12:26:22.537154-03:00","ip":"","ultima_edicao":null,"tipo":8,"regime_tramitacao":6,"tipo_origem_externa":null,"local_origem_externa":null,"user":null,"anexadas":[],"autores":[1]}