{"id":2671,"__str__":"Indica\u00e7\u00e3o n\u00ba 256 de 2017","link_detail_backend":"/materia/2671","metadata":{},"numero":256,"ano":2017,"numero_protocolo":null,"data_apresentacao":"2017-04-20","tipo_apresentacao":"E","data_publicacao":null,"numero_origem_externa":"","ano_origem_externa":null,"data_origem_externa":null,"apelido":"","dias_prazo":null,"data_fim_prazo":null,"em_tramitacao":false,"polemica":null,"objeto":"","complementar":null,"ementa":"INDICA AO EXMO SR. PREFEITO, EM CAR\u00c1TER DE URG\u00caNCIA, O REPARO DA ILUMINA\u00c7\u00c3O P\u00daBLICA NA RUA DO ACRE, NA PRAIA DO SACO, EM MANGARATIBA, 1\u00ba DISTRITO.","indexacao":"URGENTE, URG\u00caNCIA, ILUMINA\u00c7\u00c3O P\u00daBLICA, RUA DO ACRE, PRAIA DO SACO, MANGARATIBA, 1\u00ba DISTRITO, PRIMEIRO DISTRITO, ASSALTOS, ATOS VIOLENTOS, RISCO, SEGURAN\u00c7A","observacao":"","resultado":"","texto_original":"http://sapl.mangaratiba.rj.leg.br/media/sapl/public/materialegislativa/2017/2671/2671_texto_integral.pdf","data_ultima_atualizacao":"2018-09-21T12:26:23.279687-03:00","ip":"","ultima_edicao":null,"tipo":8,"regime_tramitacao":6,"tipo_origem_externa":null,"local_origem_externa":null,"user":null,"anexadas":[],"autores":[34]}