{"id":2417,"__str__":"Indica\u00e7\u00e3o n\u00ba 4 de 2017","link_detail_backend":"/materia/2417","metadata":{},"numero":4,"ano":2017,"numero_protocolo":null,"data_apresentacao":"2017-02-16","tipo_apresentacao":"E","data_publicacao":null,"numero_origem_externa":"","ano_origem_externa":null,"data_origem_externa":null,"apelido":"","dias_prazo":null,"data_fim_prazo":null,"em_tramitacao":false,"polemica":false,"objeto":"","complementar":false,"ementa":"INDICA AO EXMO SR. PREFEITO A MELHORIA DA ILUMINA\u00c7\u00c3O P\u00daBLICA NA ORLA DA PRAIA, EM CONCEI\u00c7\u00c3O DE JACARE\u00cd - 2\u00ba DISTRITO. REITERDA PELA INDICA\u00c7\u00c3O 386/2018.","indexacao":"REITERDA, INDICA\u00c7\u00c3O, ILUMINA\u00c7\u00c3O P\u00daBLICA, ORLA DA PRAIA, CONCEI\u00c7\u00c3O DE JACARE\u00cd, SEGUNDO DISTRITO, 2\u00ba DISTRITO","observacao":"REITERDA PELA INDICA\u00c7\u00c3O 386/2018","resultado":"","texto_original":"http://sapl.mangaratiba.rj.leg.br/media/sapl/public/materialegislativa/2017/2417/2417_texto_integral.pdf","data_ultima_atualizacao":"2020-09-29T22:48:06.666483-03:00","ip":"168.228.16.27","ultima_edicao":"2020-09-29T22:48:06.551157-03:00","tipo":8,"regime_tramitacao":6,"tipo_origem_externa":null,"local_origem_externa":null,"user":42,"anexadas":[4976],"autores":[6]}