{"id":18646,"__str__":"Parecer CTCEC n\u00ba 9 de 2025","link_detail_backend":"/materia/18646","metadata":{},"numero":9,"ano":2025,"numero_protocolo":null,"data_apresentacao":"2025-10-21","tipo_apresentacao":"E","data_publicacao":null,"numero_origem_externa":"","ano_origem_externa":null,"data_origem_externa":null,"apelido":"","dias_prazo":null,"data_fim_prazo":null,"em_tramitacao":false,"polemica":false,"objeto":"","complementar":false,"ementa":"Parecer 009/2025 da Comiss\u00e3o de Turismo, Cultura e Economia Criativa favor\u00e1vel ao Projeto de Lei 054/2025 que \u201cInstitui o dia 08/12 como feriado municipal no \u00e2mbito de Mangaratiba em homenagem \u00e0 Nossa Senhora da Imaculada Concei\u00e7\u00e3o\u201d.","indexacao":"Parecer 009/2025 da Comiss\u00e3o de Turismo, Cultura e Economia Criativa (CTCEC)","observacao":"","resultado":"","texto_original":"http://sapl.mangaratiba.rj.leg.br/media/sapl/public/materialegislativa/2025/18646/parecer_no09_c_turismo_-_pl_no54_de_25_yury_feriado_n_imaculada_20251029_12081162.pdf","data_ultima_atualizacao":"2025-11-25T13:51:25.881546-03:00","ip":"186.232.43.88","ultima_edicao":"2025-11-25T13:51:25.800913-03:00","tipo":64,"regime_tramitacao":6,"tipo_origem_externa":null,"local_origem_externa":null,"user":65,"anexadas":[],"autores":[111]}