{"id":18227,"__str__":"Parecer CESAM n\u00ba 30 de 2025","link_detail_backend":"/materia/18227","metadata":{},"numero":30,"ano":2025,"numero_protocolo":null,"data_apresentacao":"2025-09-09","tipo_apresentacao":"E","data_publicacao":null,"numero_origem_externa":"","ano_origem_externa":null,"data_origem_externa":null,"apelido":"","dias_prazo":null,"data_fim_prazo":null,"em_tramitacao":true,"polemica":false,"objeto":"","complementar":false,"ementa":"Parecer 030/2025 da Comiss\u00e3o de Educa\u00e7\u00e3o, Sa\u00fade, A\u00e7\u00e3o Social e Meio Ambiente favor\u00e1vel \u00e0 Mensagem 024/2025 de autoria do Chefe do Poder Executivo Municipal que capeia o Projeto de Lei que \"Disp\u00f5e sobre a contrata\u00e7\u00e3o de pessoal, por prazo determinado pela Administra\u00e7\u00e3o P\u00fablica Direta e Indireta do Munic\u00edpio de Mangaratiba, para atender \u00e0 necessidade tempor\u00e1ria de excepcional interesse p\u00fablico, nos termos do Artigo 37, Inciso IX da Constitui\u00e7\u00e3o da Rep\u00fablica, e d\u00e1 outras provid\u00eancias\".","indexacao":"Parecer 030/2025 da Comiss\u00e3o de Educa\u00e7\u00e3o, Sa\u00fade, A\u00e7\u00e3o Social e Meio Ambiente (CESAM)","observacao":"","resultado":"","texto_original":"http://sapl.mangaratiba.rj.leg.br/media/sapl/public/materialegislativa/2025/18227/parecer_no_30_2025_cesam.pdf","data_ultima_atualizacao":"2025-09-16T09:46:45.941191-03:00","ip":"186.232.43.88","ultima_edicao":"2025-09-15T10:52:15.687024-03:00","tipo":36,"regime_tramitacao":6,"tipo_origem_externa":null,"local_origem_externa":null,"user":65,"anexadas":[],"autores":[23]}