{"id":18079,"__str__":"Parecer CCJ n\u00ba 83 de 2025","link_detail_backend":"/materia/18079","metadata":{},"numero":83,"ano":2025,"numero_protocolo":null,"data_apresentacao":"2025-08-07","tipo_apresentacao":"E","data_publicacao":null,"numero_origem_externa":"","ano_origem_externa":null,"data_origem_externa":null,"apelido":"","dias_prazo":null,"data_fim_prazo":null,"em_tramitacao":false,"polemica":false,"objeto":"","complementar":false,"ementa":"Parecer 083/2025 da Comiss\u00e3o de Constitui\u00e7\u00e3o e Justi\u00e7a favor\u00e1vel ao Projeto de Lei 048/2025 de autoria do Sr. Vereador Daniel Vasconcellos que \u201cDisp\u00f5e sobre a inclus\u00e3o do evento 'Arrai\u00e1 do Bairro' no Calend\u00e1rio Oficial de Eventos do Munic\u00edpio de Mangaratiba e d\u00e1 outras provid\u00eancias\u201d.","indexacao":"Parecer 083/2025 da Comiss\u00e3o de Constitui\u00e7\u00e3o e Justi\u00e7a (CCJ)","observacao":"","resultado":"","texto_original":"http://sapl.mangaratiba.rj.leg.br/media/sapl/public/materialegislativa/2025/18079/parecer_no83_ccj20250808.pdf","data_ultima_atualizacao":"2025-08-12T14:35:25.809646-03:00","ip":"186.232.43.88","ultima_edicao":"2025-08-12T14:35:25.656202-03:00","tipo":32,"regime_tramitacao":6,"tipo_origem_externa":null,"local_origem_externa":null,"user":65,"anexadas":[],"autores":[22]}