{"id":18051,"__str__":"Parecer CTCEC n\u00ba 3 de 2025","link_detail_backend":"/materia/18051","metadata":{},"numero":3,"ano":2025,"numero_protocolo":null,"data_apresentacao":"2025-08-12","tipo_apresentacao":"E","data_publicacao":null,"numero_origem_externa":"","ano_origem_externa":null,"data_origem_externa":null,"apelido":"","dias_prazo":null,"data_fim_prazo":null,"em_tramitacao":true,"polemica":false,"objeto":"","complementar":false,"ementa":"Parecer 003/2025 da Comiss\u00e3o de Turismo, Cultura e Economia Criativa favor\u00e1vel ao Projeto de Lei 027/2025 de autoria do Sr. Vereador Josu\u00e9 T\u00e9 que \u201cInstitui no calend\u00e1rio oficial de eventos, o espet\u00e1culo Paix\u00e3o de Cristo no Munic\u00edpio de Mangaratiba d\u00e1 outras provid\u00eancias\u201d.","indexacao":"Parecer 003/2025 da Comiss\u00e3o de Turismo, Cultura e Economia Criativa (CTCEC)","observacao":"","resultado":"","texto_original":"http://sapl.mangaratiba.rj.leg.br/media/sapl/public/materialegislativa/2025/18051/parecer_no03_da_c_turismo__ao_pl_no27__de_2025_josue_000035.pdf","data_ultima_atualizacao":"2026-02-09T15:05:11.799702-03:00","ip":"186.232.43.88","ultima_edicao":"2025-08-13T11:19:56.713200-03:00","tipo":64,"regime_tramitacao":6,"tipo_origem_externa":null,"local_origem_externa":null,"user":65,"anexadas":[],"autores":[111]}