{"id":17520,"__str__":"Parecer CTCEC n\u00ba 1 de 2025","link_detail_backend":"/materia/17520","metadata":{},"numero":1,"ano":2025,"numero_protocolo":null,"data_apresentacao":"2025-05-06","tipo_apresentacao":"E","data_publicacao":null,"numero_origem_externa":"","ano_origem_externa":null,"data_origem_externa":null,"apelido":"","dias_prazo":null,"data_fim_prazo":null,"em_tramitacao":false,"polemica":false,"objeto":"","complementar":false,"ementa":"Parecer 001/2025 da Comiss\u00e3o de Turismo, Cultura e Economia Criativa favor\u00e1vel ao Projeto de Lei 001/2025 de autoria do Sr. Vereador Chic\u00e3o da Ilha que \u201cInclui no Calend\u00e1rio Oficial do Munic\u00edpio de Mangaratiba o Evento \"Baixos na Praia\" no 1\u00ba Distrito, e d\u00e1 outras provid\u00eancias\u201d.","indexacao":"Parecer 001/2025 da Comiss\u00e3o de Turismo, Cultura e Economia Criativa (CTCEC)","observacao":"","resultado":"","texto_original":null,"data_ultima_atualizacao":"2025-05-12T10:24:20.013084-03:00","ip":"186.232.43.88","ultima_edicao":"2025-05-12T10:24:19.895892-03:00","tipo":64,"regime_tramitacao":6,"tipo_origem_externa":null,"local_origem_externa":null,"user":65,"anexadas":[],"autores":[111]}