{"id":10726,"__str__":"Parecer CESAM n\u00ba 49 de 2021","link_detail_backend":"/materia/10726","metadata":{},"numero":49,"ano":2021,"numero_protocolo":58,"data_apresentacao":"2021-10-07","tipo_apresentacao":"E","data_publicacao":null,"numero_origem_externa":"","ano_origem_externa":null,"data_origem_externa":null,"apelido":"","dias_prazo":null,"data_fim_prazo":null,"em_tramitacao":false,"polemica":false,"objeto":"","complementar":false,"ementa":"Parecer 049/2021 da Comiss\u00e3o de Educa\u00e7\u00e3o, Sa\u00fade, A\u00e7\u00e3o Social e Meio Ambiente favor\u00e1vel ao Projeto de Lei 059/2021 de autoria do Sr. Vereador Leandro de Paula que \u201cCria o dia de combate ao c\u00e2ncer no \u00e2mbito do munic\u00edpio de Mangaratiba\u201d.","indexacao":"Parecer 049/2021 da Comiss\u00e3o de Educa\u00e7\u00e3o, Sa\u00fade, A\u00e7\u00e3o Social e Meio Ambiente (CESAM)","observacao":"","resultado":"","texto_original":"http://sapl.mangaratiba.rj.leg.br/media/sapl/public/materialegislativa/2021/10726/parecer_049_cesam_21_pl_059.21-lp_05.10.21.pdf","data_ultima_atualizacao":"2021-12-08T00:29:04.904740-03:00","ip":"168.228.16.47","ultima_edicao":"2021-10-27T21:58:19.035322-03:00","tipo":36,"regime_tramitacao":6,"tipo_origem_externa":null,"local_origem_externa":null,"user":42,"anexadas":[],"autores":[23]}