{"id":7894,"__str__":"Indica\u00e7\u00e3o n\u00ba 316 de 2023 - Conserva\u00e7\u00e3o de vias e \u00e1reas p\u00fablicas","link_detail_backend":"/materia/materiaassunto/7894","metadata":{},"assunto":48,"materia":14124}