{"id":14244,"__str__":"Autoria: R\u00f4mulo Carcar\u00e1 - Mo\u00e7\u00e3o n\u00ba 115 de 2023","link_detail_backend":"/materia/autoria/14244","metadata":{},"primeiro_autor":true,"autor":32,"materia":13743}